{"id":3288,"date":"2024-06-30T15:28:06","date_gmt":"2024-06-30T13:28:06","guid":{"rendered":"https:\/\/www.chor-einklang.de\/?p=3288"},"modified":"2024-06-30T15:35:14","modified_gmt":"2024-06-30T13:35:14","slug":"jubilaeumsueberraschung","status":"publish","type":"post","link":"https:\/\/www.chor-einklang.de\/?p=3288","title":{"rendered":"Jubil\u00e4ums\u00fcberraschung"},"content":{"rendered":"\t\t<div data-elementor-type=\"wp-post\" data-elementor-id=\"3288\" class=\"elementor elementor-3288\">\n\t\t\t\t\t\t<section class=\"elementor-section elementor-top-section elementor-element elementor-element-a24de82 elementor-section-boxed elementor-section-height-default elementor-section-height-default\" data-id=\"a24de82\" data-element_type=\"section\" data-e-type=\"section\">\n\t\t\t\t\t\t<div class=\"elementor-container elementor-column-gap-default\">\n\t\t\t\t\t<div class=\"elementor-column elementor-col-100 elementor-top-column elementor-element elementor-element-00d5eb0\" data-id=\"00d5eb0\" data-element_type=\"column\" data-e-type=\"column\">\n\t\t\t<div class=\"elementor-widget-wrap elementor-element-populated\">\n\t\t\t\t\t\t<div class=\"elementor-element elementor-element-bbc5df1 elementor-widget elementor-widget-text-editor\" data-id=\"bbc5df1\" data-element_type=\"widget\" data-e-type=\"widget\" data-widget_type=\"text-editor.default\">\n\t\t\t\t<div class=\"elementor-widget-container\">\n\t\t\t\t\t\t\t\t\t<p><span style=\"color: #333333;\">Vor 10 Jahren, am 24. Juni 2014,\u00a0 hatten wir die erste Probe mit unserem (damals neuen) Chorleiter Arnas Vonzodas.\u00a0<br \/>Das sollte nat\u00fcrlich entsprechend gew\u00fcrdigt werden.<br \/>Ein v\u00f6llig \u00fcberraschter Arnas wurde mit einem Spalier lautstark und bunt begr\u00fc\u00dft. <br \/>Nach einer kurzen Chorprobe gab es einen launigen R\u00fcckblick des 1. Vorsitzenden Heiner von H\u00f6rsten auf 10 Jahre Einklang mit Arnas und die Verleihung eines &#8222;bunten Verdienstkreuzes&#8220;. Ein St\u00e4ndchen des Chores f\u00fcr den Chorleiter durfte nat\u00fcrlich nicht fehlen, bevor wir dann mit einem leckeren Buffet und Getr\u00e4nken das Jubil\u00e4um geb\u00fchrend feierten. <br \/><\/span><\/p>\t\t\t\t\t\t\t\t<\/div>\n\t\t\t\t<\/div>\n\t\t\t\t\t<\/div>\n\t\t<\/div>\n\t\t\t\t\t<\/div>\n\t\t<\/section>\n\t\t\t\t<section class=\"elementor-section elementor-top-section elementor-element elementor-element-a098d48 elementor-section-boxed elementor-section-height-default elementor-section-height-default\" data-id=\"a098d48\" data-element_type=\"section\" data-e-type=\"section\">\n\t\t\t\t\t\t<div class=\"elementor-container elementor-column-gap-default\">\n\t\t\t\t\t<div class=\"elementor-column elementor-col-50 elementor-top-column elementor-element elementor-element-e906768\" data-id=\"e906768\" data-element_type=\"column\" data-e-type=\"column\">\n\t\t\t<div class=\"elementor-widget-wrap elementor-element-populated\">\n\t\t\t\t\t\t<div class=\"elementor-element elementor-element-91b8b4d elementor-widget elementor-widget-image\" data-id=\"91b8b4d\" data-element_type=\"widget\" data-e-type=\"widget\" data-widget_type=\"image.default\">\n\t\t\t\t<div class=\"elementor-widget-container\">\n\t\t\t\t\t\t\t\t\t\t\t\t\t\t\t\t<a href=\"https:\/\/www.chor-einklang.de\/wp-content\/uploads\/2024\/06\/2024-06-25-Jubilaeum-Arnas-1-scaled.jpg\" data-elementor-open-lightbox=\"yes\" data-elementor-lightbox-title=\"2024-06-25 Jubil\u00e4um Arnas (1)\" data-e-action-hash=\"#elementor-action%3Aaction%3Dlightbox%26settings%3DeyJpZCI6MzI5OCwidXJsIjoiaHR0cHM6XC9cL3d3dy5jaG9yLWVpbmtsYW5nLmRlXC93cC1jb250ZW50XC91cGxvYWRzXC8yMDI0XC8wNlwvMjAyNC0wNi0yNS1KdWJpbGFldW0tQXJuYXMtMS1zY2FsZWQuanBnIn0%3D\">\n\t\t\t\t\t\t\t<img fetchpriority=\"high\" decoding=\"async\" width=\"1024\" height=\"768\" src=\"https:\/\/www.chor-einklang.de\/wp-content\/uploads\/2024\/06\/2024-06-25-Jubilaeum-Arnas-1-1024x768.jpg\" class=\"attachment-large size-large wp-image-3298\" alt=\"\" srcset=\"https:\/\/www.chor-einklang.de\/wp-content\/uploads\/2024\/06\/2024-06-25-Jubilaeum-Arnas-1-1024x768.jpg 1024w, https:\/\/www.chor-einklang.de\/wp-content\/uploads\/2024\/06\/2024-06-25-Jubilaeum-Arnas-1-300x225.jpg 300w, https:\/\/www.chor-einklang.de\/wp-content\/uploads\/2024\/06\/2024-06-25-Jubilaeum-Arnas-1-768x576.jpg 768w, https:\/\/www.chor-einklang.de\/wp-content\/uploads\/2024\/06\/2024-06-25-Jubilaeum-Arnas-1-1536x1152.jpg 1536w, https:\/\/www.chor-einklang.de\/wp-content\/uploads\/2024\/06\/2024-06-25-Jubilaeum-Arnas-1-2048x1536.jpg 2048w\" sizes=\"(max-width: 1024px) 100vw, 1024px\" \/>\t\t\t\t\t\t\t\t<\/a>\n\t\t\t\t\t\t\t\t\t\t\t\t\t\t\t<\/div>\n\t\t\t\t<\/div>\n\t\t\t\t<div class=\"elementor-element elementor-element-36ad601 elementor-widget elementor-widget-image\" data-id=\"36ad601\" data-element_type=\"widget\" data-e-type=\"widget\" data-widget_type=\"image.default\">\n\t\t\t\t<div class=\"elementor-widget-container\">\n\t\t\t\t\t\t\t\t\t\t\t\t\t\t\t\t<a href=\"https:\/\/www.chor-einklang.de\/wp-content\/uploads\/2024\/06\/2024-06-25-Jubilaeum-Arnas-38.jpg\" data-elementor-open-lightbox=\"yes\" data-elementor-lightbox-title=\"2024-06-25 Jubil\u00e4um Arnas (38)\" data-e-action-hash=\"#elementor-action%3Aaction%3Dlightbox%26settings%3DeyJpZCI6MzI5NCwidXJsIjoiaHR0cHM6XC9cL3d3dy5jaG9yLWVpbmtsYW5nLmRlXC93cC1jb250ZW50XC91cGxvYWRzXC8yMDI0XC8wNlwvMjAyNC0wNi0yNS1KdWJpbGFldW0tQXJuYXMtMzguanBnIn0%3D\">\n\t\t\t\t\t\t\t<img decoding=\"async\" width=\"768\" height=\"1024\" src=\"https:\/\/www.chor-einklang.de\/wp-content\/uploads\/2024\/06\/2024-06-25-Jubilaeum-Arnas-38-768x1024.jpg\" class=\"attachment-medium_large size-medium_large wp-image-3294\" alt=\"\" srcset=\"https:\/\/www.chor-einklang.de\/wp-content\/uploads\/2024\/06\/2024-06-25-Jubilaeum-Arnas-38-768x1024.jpg 768w, https:\/\/www.chor-einklang.de\/wp-content\/uploads\/2024\/06\/2024-06-25-Jubilaeum-Arnas-38-225x300.jpg 225w, https:\/\/www.chor-einklang.de\/wp-content\/uploads\/2024\/06\/2024-06-25-Jubilaeum-Arnas-38-1152x1536.jpg 1152w, https:\/\/www.chor-einklang.de\/wp-content\/uploads\/2024\/06\/2024-06-25-Jubilaeum-Arnas-38.jpg 1512w\" sizes=\"(max-width: 768px) 100vw, 768px\" \/>\t\t\t\t\t\t\t\t<\/a>\n\t\t\t\t\t\t\t\t\t\t\t\t\t\t\t<\/div>\n\t\t\t\t<\/div>\n\t\t\t\t<div class=\"elementor-element elementor-element-547f7ca elementor-widget elementor-widget-image\" data-id=\"547f7ca\" data-element_type=\"widget\" data-e-type=\"widget\" data-widget_type=\"image.default\">\n\t\t\t\t<div class=\"elementor-widget-container\">\n\t\t\t\t\t\t\t\t\t\t\t\t\t\t\t\t<a href=\"https:\/\/www.chor-einklang.de\/wp-content\/uploads\/2024\/06\/Screenshot-2024-06-30-143908-1.png\" data-elementor-open-lightbox=\"yes\" data-elementor-lightbox-title=\"Screenshot 2024-06-30 143908\" data-e-action-hash=\"#elementor-action%3Aaction%3Dlightbox%26settings%3DeyJpZCI6MzI5OSwidXJsIjoiaHR0cHM6XC9cL3d3dy5jaG9yLWVpbmtsYW5nLmRlXC93cC1jb250ZW50XC91cGxvYWRzXC8yMDI0XC8wNlwvU2NyZWVuc2hvdC0yMDI0LTA2LTMwLTE0MzkwOC0xLnBuZyJ9\">\n\t\t\t\t\t\t\t<img decoding=\"async\" width=\"1024\" height=\"469\" src=\"https:\/\/www.chor-einklang.de\/wp-content\/uploads\/2024\/06\/Screenshot-2024-06-30-143908-1-1024x469.png\" class=\"attachment-large size-large wp-image-3299\" alt=\"\" srcset=\"https:\/\/www.chor-einklang.de\/wp-content\/uploads\/2024\/06\/Screenshot-2024-06-30-143908-1-1024x469.png 1024w, https:\/\/www.chor-einklang.de\/wp-content\/uploads\/2024\/06\/Screenshot-2024-06-30-143908-1-300x137.png 300w, https:\/\/www.chor-einklang.de\/wp-content\/uploads\/2024\/06\/Screenshot-2024-06-30-143908-1-768x352.png 768w, https:\/\/www.chor-einklang.de\/wp-content\/uploads\/2024\/06\/Screenshot-2024-06-30-143908-1-1536x703.png 1536w, https:\/\/www.chor-einklang.de\/wp-content\/uploads\/2024\/06\/Screenshot-2024-06-30-143908-1.png 1811w\" sizes=\"(max-width: 1024px) 100vw, 1024px\" \/>\t\t\t\t\t\t\t\t<\/a>\n\t\t\t\t\t\t\t\t\t\t\t\t\t\t\t<\/div>\n\t\t\t\t<\/div>\n\t\t\t\t<div class=\"elementor-element elementor-element-521e8e7 elementor-widget elementor-widget-image\" data-id=\"521e8e7\" data-element_type=\"widget\" data-e-type=\"widget\" data-widget_type=\"image.default\">\n\t\t\t\t<div class=\"elementor-widget-container\">\n\t\t\t\t\t\t\t\t\t\t\t\t\t\t\t\t<a href=\"https:\/\/www.chor-einklang.de\/wp-content\/uploads\/2024\/06\/Screenshot-2024-06-30-144148.png\" data-elementor-open-lightbox=\"yes\" data-elementor-lightbox-title=\"Screenshot 2024-06-30 144148\" data-e-action-hash=\"#elementor-action%3Aaction%3Dlightbox%26settings%3DeyJpZCI6MzI5NywidXJsIjoiaHR0cHM6XC9cL3d3dy5jaG9yLWVpbmtsYW5nLmRlXC93cC1jb250ZW50XC91cGxvYWRzXC8yMDI0XC8wNlwvU2NyZWVuc2hvdC0yMDI0LTA2LTMwLTE0NDE0OC5wbmcifQ%3D%3D\">\n\t\t\t\t\t\t\t<img loading=\"lazy\" decoding=\"async\" width=\"1024\" height=\"472\" src=\"https:\/\/www.chor-einklang.de\/wp-content\/uploads\/2024\/06\/Screenshot-2024-06-30-144148-1024x472.png\" class=\"attachment-large size-large wp-image-3297\" alt=\"\" srcset=\"https:\/\/www.chor-einklang.de\/wp-content\/uploads\/2024\/06\/Screenshot-2024-06-30-144148-1024x472.png 1024w, https:\/\/www.chor-einklang.de\/wp-content\/uploads\/2024\/06\/Screenshot-2024-06-30-144148-300x138.png 300w, https:\/\/www.chor-einklang.de\/wp-content\/uploads\/2024\/06\/Screenshot-2024-06-30-144148-768x354.png 768w, https:\/\/www.chor-einklang.de\/wp-content\/uploads\/2024\/06\/Screenshot-2024-06-30-144148-1536x708.png 1536w, https:\/\/www.chor-einklang.de\/wp-content\/uploads\/2024\/06\/Screenshot-2024-06-30-144148.png 1816w\" sizes=\"(max-width: 1024px) 100vw, 1024px\" \/>\t\t\t\t\t\t\t\t<\/a>\n\t\t\t\t\t\t\t\t\t\t\t\t\t\t\t<\/div>\n\t\t\t\t<\/div>\n\t\t\t\t<div class=\"elementor-element elementor-element-87320c4 elementor-widget elementor-widget-image\" data-id=\"87320c4\" data-element_type=\"widget\" data-e-type=\"widget\" data-widget_type=\"image.default\">\n\t\t\t\t<div class=\"elementor-widget-container\">\n\t\t\t\t\t\t\t\t\t\t\t\t\t\t\t\t<a href=\"https:\/\/www.chor-einklang.de\/wp-content\/uploads\/2024\/06\/2024-06-25-Jubilaeum-Arnas-34-scaled.jpg\" data-elementor-open-lightbox=\"yes\" data-elementor-lightbox-title=\"2024-06-25 Jubil\u00e4um Arnas (34)\" data-e-action-hash=\"#elementor-action%3Aaction%3Dlightbox%26settings%3DeyJpZCI6MzI5MywidXJsIjoiaHR0cHM6XC9cL3d3dy5jaG9yLWVpbmtsYW5nLmRlXC93cC1jb250ZW50XC91cGxvYWRzXC8yMDI0XC8wNlwvMjAyNC0wNi0yNS1KdWJpbGFldW0tQXJuYXMtMzQtc2NhbGVkLmpwZyJ9\">\n\t\t\t\t\t\t\t<img loading=\"lazy\" decoding=\"async\" width=\"169\" height=\"300\" src=\"https:\/\/www.chor-einklang.de\/wp-content\/uploads\/2024\/06\/2024-06-25-Jubilaeum-Arnas-34-169x300.jpg\" class=\"attachment-medium size-medium wp-image-3293\" alt=\"\" srcset=\"https:\/\/www.chor-einklang.de\/wp-content\/uploads\/2024\/06\/2024-06-25-Jubilaeum-Arnas-34-169x300.jpg 169w, https:\/\/www.chor-einklang.de\/wp-content\/uploads\/2024\/06\/2024-06-25-Jubilaeum-Arnas-34-576x1024.jpg 576w, https:\/\/www.chor-einklang.de\/wp-content\/uploads\/2024\/06\/2024-06-25-Jubilaeum-Arnas-34-768x1365.jpg 768w, https:\/\/www.chor-einklang.de\/wp-content\/uploads\/2024\/06\/2024-06-25-Jubilaeum-Arnas-34-864x1536.jpg 864w, https:\/\/www.chor-einklang.de\/wp-content\/uploads\/2024\/06\/2024-06-25-Jubilaeum-Arnas-34-1152x2048.jpg 1152w, https:\/\/www.chor-einklang.de\/wp-content\/uploads\/2024\/06\/2024-06-25-Jubilaeum-Arnas-34-scaled.jpg 1440w\" sizes=\"(max-width: 169px) 100vw, 169px\" \/>\t\t\t\t\t\t\t\t<\/a>\n\t\t\t\t\t\t\t\t\t\t\t\t\t\t\t<\/div>\n\t\t\t\t<\/div>\n\t\t\t\t\t<\/div>\n\t\t<\/div>\n\t\t\t\t<div class=\"elementor-column elementor-col-50 elementor-top-column elementor-element elementor-element-db70b8c\" data-id=\"db70b8c\" data-element_type=\"column\" data-e-type=\"column\">\n\t\t\t<div class=\"elementor-widget-wrap elementor-element-populated\">\n\t\t\t\t\t\t<div class=\"elementor-element elementor-element-ac751d1 elementor-widget elementor-widget-image\" data-id=\"ac751d1\" data-element_type=\"widget\" data-e-type=\"widget\" data-widget_type=\"image.default\">\n\t\t\t\t<div class=\"elementor-widget-container\">\n\t\t\t\t\t\t\t\t\t\t\t\t\t\t\t\t<a href=\"https:\/\/www.chor-einklang.de\/wp-content\/uploads\/2024\/06\/2024-06-25-Jubilaeum-Arnas-18.jpg\" data-elementor-open-lightbox=\"yes\" data-elementor-lightbox-title=\"2024-06-25 Jubil\u00e4um Arnas (18)\" data-e-action-hash=\"#elementor-action%3Aaction%3Dlightbox%26settings%3DeyJpZCI6MzI5MSwidXJsIjoiaHR0cHM6XC9cL3d3dy5jaG9yLWVpbmtsYW5nLmRlXC93cC1jb250ZW50XC91cGxvYWRzXC8yMDI0XC8wNlwvMjAyNC0wNi0yNS1KdWJpbGFldW0tQXJuYXMtMTguanBnIn0%3D\">\n\t\t\t\t\t\t\t<img loading=\"lazy\" decoding=\"async\" width=\"703\" height=\"1024\" src=\"https:\/\/www.chor-einklang.de\/wp-content\/uploads\/2024\/06\/2024-06-25-Jubilaeum-Arnas-18-703x1024.jpg\" class=\"attachment-large size-large wp-image-3291\" alt=\"\" srcset=\"https:\/\/www.chor-einklang.de\/wp-content\/uploads\/2024\/06\/2024-06-25-Jubilaeum-Arnas-18-703x1024.jpg 703w, https:\/\/www.chor-einklang.de\/wp-content\/uploads\/2024\/06\/2024-06-25-Jubilaeum-Arnas-18-206x300.jpg 206w, https:\/\/www.chor-einklang.de\/wp-content\/uploads\/2024\/06\/2024-06-25-Jubilaeum-Arnas-18-768x1118.jpg 768w, https:\/\/www.chor-einklang.de\/wp-content\/uploads\/2024\/06\/2024-06-25-Jubilaeum-Arnas-18-1055x1536.jpg 1055w, https:\/\/www.chor-einklang.de\/wp-content\/uploads\/2024\/06\/2024-06-25-Jubilaeum-Arnas-18-1407x2048.jpg 1407w, https:\/\/www.chor-einklang.de\/wp-content\/uploads\/2024\/06\/2024-06-25-Jubilaeum-Arnas-18.jpg 1682w\" sizes=\"(max-width: 703px) 100vw, 703px\" \/>\t\t\t\t\t\t\t\t<\/a>\n\t\t\t\t\t\t\t\t\t\t\t\t\t\t\t<\/div>\n\t\t\t\t<\/div>\n\t\t\t\t<div class=\"elementor-element elementor-element-4b82cd8 elementor-widget elementor-widget-image\" data-id=\"4b82cd8\" data-element_type=\"widget\" data-e-type=\"widget\" data-widget_type=\"image.default\">\n\t\t\t\t<div class=\"elementor-widget-container\">\n\t\t\t\t\t\t\t\t\t\t\t\t\t\t\t<img loading=\"lazy\" decoding=\"async\" width=\"768\" height=\"1024\" src=\"https:\/\/www.chor-einklang.de\/wp-content\/uploads\/2024\/06\/2024-06-25-Jubilaeum-Arnas-39-768x1024.jpg\" class=\"attachment-large size-large wp-image-3295\" alt=\"\" srcset=\"https:\/\/www.chor-einklang.de\/wp-content\/uploads\/2024\/06\/2024-06-25-Jubilaeum-Arnas-39-768x1024.jpg 768w, https:\/\/www.chor-einklang.de\/wp-content\/uploads\/2024\/06\/2024-06-25-Jubilaeum-Arnas-39-225x300.jpg 225w, https:\/\/www.chor-einklang.de\/wp-content\/uploads\/2024\/06\/2024-06-25-Jubilaeum-Arnas-39-1152x1536.jpg 1152w, https:\/\/www.chor-einklang.de\/wp-content\/uploads\/2024\/06\/2024-06-25-Jubilaeum-Arnas-39.jpg 1512w\" sizes=\"(max-width: 768px) 100vw, 768px\" \/>\t\t\t\t\t\t\t\t\t\t\t\t\t\t\t<\/div>\n\t\t\t\t<\/div>\n\t\t\t\t<div class=\"elementor-element elementor-element-f9b610d elementor-widget elementor-widget-image\" data-id=\"f9b610d\" data-element_type=\"widget\" data-e-type=\"widget\" data-widget_type=\"image.default\">\n\t\t\t\t<div class=\"elementor-widget-container\">\n\t\t\t\t\t\t\t\t\t\t\t\t\t\t\t\t<a href=\"https:\/\/www.chor-einklang.de\/wp-content\/uploads\/2024\/06\/2024-06-25-Jubilaeum-Arnas-9-scaled.jpg\" data-elementor-open-lightbox=\"yes\" data-elementor-lightbox-title=\"2024-06-25 Jubil\u00e4um Arnas (9)\" data-e-action-hash=\"#elementor-action%3Aaction%3Dlightbox%26settings%3DeyJpZCI6MzI5MCwidXJsIjoiaHR0cHM6XC9cL3d3dy5jaG9yLWVpbmtsYW5nLmRlXC93cC1jb250ZW50XC91cGxvYWRzXC8yMDI0XC8wNlwvMjAyNC0wNi0yNS1KdWJpbGFldW0tQXJuYXMtOS1zY2FsZWQuanBnIn0%3D\">\n\t\t\t\t\t\t\t<img loading=\"lazy\" decoding=\"async\" width=\"169\" height=\"300\" src=\"https:\/\/www.chor-einklang.de\/wp-content\/uploads\/2024\/06\/2024-06-25-Jubilaeum-Arnas-9-169x300.jpg\" class=\"attachment-medium size-medium wp-image-3290\" alt=\"\" srcset=\"https:\/\/www.chor-einklang.de\/wp-content\/uploads\/2024\/06\/2024-06-25-Jubilaeum-Arnas-9-169x300.jpg 169w, https:\/\/www.chor-einklang.de\/wp-content\/uploads\/2024\/06\/2024-06-25-Jubilaeum-Arnas-9-576x1024.jpg 576w, https:\/\/www.chor-einklang.de\/wp-content\/uploads\/2024\/06\/2024-06-25-Jubilaeum-Arnas-9-768x1365.jpg 768w, https:\/\/www.chor-einklang.de\/wp-content\/uploads\/2024\/06\/2024-06-25-Jubilaeum-Arnas-9-864x1536.jpg 864w, https:\/\/www.chor-einklang.de\/wp-content\/uploads\/2024\/06\/2024-06-25-Jubilaeum-Arnas-9-1152x2048.jpg 1152w, https:\/\/www.chor-einklang.de\/wp-content\/uploads\/2024\/06\/2024-06-25-Jubilaeum-Arnas-9-scaled.jpg 1440w\" sizes=\"(max-width: 169px) 100vw, 169px\" \/>\t\t\t\t\t\t\t\t<\/a>\n\t\t\t\t\t\t\t\t\t\t\t\t\t\t\t<\/div>\n\t\t\t\t<\/div>\n\t\t\t\t\t<\/div>\n\t\t<\/div>\n\t\t\t\t\t<\/div>\n\t\t<\/section>\n\t\t\t\t<\/div>\n\t\t","protected":false},"excerpt":{"rendered":"<p>Vor 10 Jahren, am 24. Juni 2014,\u00a0 hatten wir die erste Probe mit unserem (damals neuen) Chorleiter Arnas Vonzodas.\u00a0Das sollte nat\u00fcrlich entsprechend gew\u00fcrdigt werden.Ein v\u00f6llig \u00fcberraschter Arnas wurde mit einem Spalier lautstark und bunt begr\u00fc\u00dft. Nach einer kurzen Chorprobe gab es einen launigen R\u00fcckblick des 1. Vorsitzenden Heiner von H\u00f6rsten auf 10 Jahre Einklang mit&#8230;<\/p>\n","protected":false},"author":2,"featured_media":3297,"comment_status":"open","ping_status":"open","sticky":false,"template":"","format":"standard","meta":{"_kad_post_transparent":"","_kad_post_title":"","_kad_post_layout":"","_kad_post_sidebar_id":"","_kad_post_content_style":"","_kad_post_vertical_padding":"","_kad_post_feature":"","_kad_post_feature_position":"","_kad_post_header":false,"_kad_post_footer":false,"_kad_post_classname":"","jetpack_post_was_ever_published":false,"_jetpack_newsletter_access":"","_jetpack_dont_email_post_to_subs":false,"_jetpack_newsletter_tier_id":0,"_jetpack_memberships_contains_paywalled_content":false,"_jetpack_memberships_contains_paid_content":false,"footnotes":"","jetpack_publicize_message":"","jetpack_publicize_feature_enabled":true,"jetpack_social_post_already_shared":true,"jetpack_social_options":{"image_generator_settings":{"template":"highway","default_image_id":0,"font":"","enabled":false},"version":2}},"categories":[1],"tags":[],"class_list":["post-3288","post","type-post","status-publish","format-standard","has-post-thumbnail","hentry","category-allgemein"],"jetpack_publicize_connections":[],"jetpack_featured_media_url":"https:\/\/www.chor-einklang.de\/wp-content\/uploads\/2024\/06\/Screenshot-2024-06-30-144148.png","jetpack_sharing_enabled":true,"jetpack_shortlink":"https:\/\/wp.me\/p3iGNS-R2","_links":{"self":[{"href":"https:\/\/www.chor-einklang.de\/index.php?rest_route=\/wp\/v2\/posts\/3288","targetHints":{"allow":["GET"]}}],"collection":[{"href":"https:\/\/www.chor-einklang.de\/index.php?rest_route=\/wp\/v2\/posts"}],"about":[{"href":"https:\/\/www.chor-einklang.de\/index.php?rest_route=\/wp\/v2\/types\/post"}],"author":[{"embeddable":true,"href":"https:\/\/www.chor-einklang.de\/index.php?rest_route=\/wp\/v2\/users\/2"}],"replies":[{"embeddable":true,"href":"https:\/\/www.chor-einklang.de\/index.php?rest_route=%2Fwp%2Fv2%2Fcomments&post=3288"}],"version-history":[{"count":4,"href":"https:\/\/www.chor-einklang.de\/index.php?rest_route=\/wp\/v2\/posts\/3288\/revisions"}],"predecessor-version":[{"id":3302,"href":"https:\/\/www.chor-einklang.de\/index.php?rest_route=\/wp\/v2\/posts\/3288\/revisions\/3302"}],"wp:featuredmedia":[{"embeddable":true,"href":"https:\/\/www.chor-einklang.de\/index.php?rest_route=\/wp\/v2\/media\/3297"}],"wp:attachment":[{"href":"https:\/\/www.chor-einklang.de\/index.php?rest_route=%2Fwp%2Fv2%2Fmedia&parent=3288"}],"wp:term":[{"taxonomy":"category","embeddable":true,"href":"https:\/\/www.chor-einklang.de\/index.php?rest_route=%2Fwp%2Fv2%2Fcategories&post=3288"},{"taxonomy":"post_tag","embeddable":true,"href":"https:\/\/www.chor-einklang.de\/index.php?rest_route=%2Fwp%2Fv2%2Ftags&post=3288"}],"curies":[{"name":"wp","href":"https:\/\/api.w.org\/{rel}","templated":true}]}}