{"id":3132,"date":"2023-06-26T15:31:01","date_gmt":"2023-06-26T13:31:01","guid":{"rendered":"https:\/\/www.chor-einklang.de\/?p=3132"},"modified":"2024-03-24T10:52:35","modified_gmt":"2024-03-24T08:52:35","slug":"summertime","status":"publish","type":"post","link":"https:\/\/www.chor-einklang.de\/?p=3132","title":{"rendered":"Summertime"},"content":{"rendered":"\t\t<div data-elementor-type=\"wp-post\" data-elementor-id=\"3132\" class=\"elementor elementor-3132\">\n\t\t\t\t\t\t<section class=\"elementor-section elementor-top-section elementor-element elementor-element-149224f elementor-section-boxed elementor-section-height-default elementor-section-height-default\" data-id=\"149224f\" data-element_type=\"section\" data-e-type=\"section\">\n\t\t\t\t\t\t<div class=\"elementor-container elementor-column-gap-default\">\n\t\t\t\t\t<div class=\"elementor-column elementor-col-100 elementor-top-column elementor-element elementor-element-5e3a59e\" data-id=\"5e3a59e\" data-element_type=\"column\" data-e-type=\"column\">\n\t\t\t<div class=\"elementor-widget-wrap elementor-element-populated\">\n\t\t\t\t\t\t<div class=\"elementor-element elementor-element-68e0b1d elementor-widget elementor-widget-text-editor\" data-id=\"68e0b1d\" data-element_type=\"widget\" data-e-type=\"widget\" data-widget_type=\"text-editor.default\">\n\t\t\t\t<div class=\"elementor-widget-container\">\n\t\t\t\t\t\t\t\t\t<p><span style=\"color: #333333;\">Ein Konzert mit lauter Jubil\u00e4en:<br \/>Chor Einklang ist dieses Jahr 15 Jahre alt geworden und hat sich zur Geburtstagsfeier G\u00e4ste eingeladen &#8211; den gemischten Chor Gro\u00dfmoor (75-j\u00e4hriges Jubil\u00e4um) und die Cristals, die dieses Jahr ein Jahr zusammen singen. <br \/><\/span><span style=\"color: #333333;\">Das Finale der rundum gelungenen Veranstaltung besangen Chor Einklang und der gemischte Chor Gro\u00dfmoor gemeinsam: A Perfect Day!<br \/>Am Ende des gut 2-st\u00fcndigen Konzerts waren sowohl im Publikum als auch bei allen S\u00e4ngerInnen nur zufriedene Gesichter zu sehen!<br \/><\/span><\/p>\t\t\t\t\t\t\t\t<\/div>\n\t\t\t\t<\/div>\n\t\t\t\t\t<\/div>\n\t\t<\/div>\n\t\t\t\t\t<\/div>\n\t\t<\/section>\n\t\t\t\t<section class=\"elementor-section elementor-top-section elementor-element elementor-element-4a6467b elementor-section-boxed elementor-section-height-default elementor-section-height-default\" data-id=\"4a6467b\" data-element_type=\"section\" data-e-type=\"section\">\n\t\t\t\t\t\t<div class=\"elementor-container elementor-column-gap-default\">\n\t\t\t\t\t<div class=\"elementor-column elementor-col-50 elementor-top-column elementor-element elementor-element-d35c8a1\" data-id=\"d35c8a1\" data-element_type=\"column\" data-e-type=\"column\">\n\t\t\t<div class=\"elementor-widget-wrap elementor-element-populated\">\n\t\t\t\t\t\t<div class=\"elementor-element elementor-element-ab9e736 elementor-widget elementor-widget-image\" data-id=\"ab9e736\" data-element_type=\"widget\" data-e-type=\"widget\" data-widget_type=\"image.default\">\n\t\t\t\t<div class=\"elementor-widget-container\">\n\t\t\t\t\t\t\t\t\t\t\t\t\t\t\t\t<a href=\"https:\/\/www.chor-einklang.de\/wp-content\/uploads\/2023\/06\/2023-06-24-Summertime-229.jpg\" data-elementor-open-lightbox=\"yes\" data-elementor-lightbox-title=\"2023-06-24 Summertime (229)\" data-e-action-hash=\"#elementor-action%3Aaction%3Dlightbox%26settings%3DeyJpZCI6MzE0MSwidXJsIjoiaHR0cHM6XC9cL3d3dy5jaG9yLWVpbmtsYW5nLmRlXC93cC1jb250ZW50XC91cGxvYWRzXC8yMDIzXC8wNlwvMjAyMy0wNi0yNC1TdW1tZXJ0aW1lLTIyOS5qcGcifQ%3D%3D\">\n\t\t\t\t\t\t\t<img fetchpriority=\"high\" decoding=\"async\" width=\"768\" height=\"1024\" src=\"https:\/\/www.chor-einklang.de\/wp-content\/uploads\/2023\/06\/2023-06-24-Summertime-229-768x1024.jpg\" class=\"attachment-large size-large wp-image-3141\" alt=\"\" srcset=\"https:\/\/www.chor-einklang.de\/wp-content\/uploads\/2023\/06\/2023-06-24-Summertime-229-768x1024.jpg 768w, https:\/\/www.chor-einklang.de\/wp-content\/uploads\/2023\/06\/2023-06-24-Summertime-229-225x300.jpg 225w, https:\/\/www.chor-einklang.de\/wp-content\/uploads\/2023\/06\/2023-06-24-Summertime-229-1152x1536.jpg 1152w, https:\/\/www.chor-einklang.de\/wp-content\/uploads\/2023\/06\/2023-06-24-Summertime-229.jpg 1536w\" sizes=\"(max-width: 768px) 100vw, 768px\" \/>\t\t\t\t\t\t\t\t<\/a>\n\t\t\t\t\t\t\t\t\t\t\t\t\t\t\t<\/div>\n\t\t\t\t<\/div>\n\t\t\t\t\t<\/div>\n\t\t<\/div>\n\t\t\t\t<div class=\"elementor-column elementor-col-50 elementor-top-column elementor-element elementor-element-6ae822f\" data-id=\"6ae822f\" data-element_type=\"column\" data-e-type=\"column\">\n\t\t\t<div class=\"elementor-widget-wrap elementor-element-populated\">\n\t\t\t\t\t\t<div class=\"elementor-element elementor-element-8505529 elementor-widget elementor-widget-image\" data-id=\"8505529\" data-element_type=\"widget\" data-e-type=\"widget\" data-widget_type=\"image.default\">\n\t\t\t\t<div class=\"elementor-widget-container\">\n\t\t\t\t\t\t\t\t\t\t\t\t\t\t\t\t<a href=\"https:\/\/www.chor-einklang.de\/wp-content\/uploads\/2023\/06\/2023-06-24-Summertime-77-scaled.jpg\" data-elementor-open-lightbox=\"yes\" data-elementor-lightbox-title=\"2023-06-24 Summertime (77)\" data-e-action-hash=\"#elementor-action%3Aaction%3Dlightbox%26settings%3DeyJpZCI6MzE0NCwidXJsIjoiaHR0cHM6XC9cL3d3dy5jaG9yLWVpbmtsYW5nLmRlXC93cC1jb250ZW50XC91cGxvYWRzXC8yMDIzXC8wNlwvMjAyMy0wNi0yNC1TdW1tZXJ0aW1lLTc3LXNjYWxlZC5qcGcifQ%3D%3D\">\n\t\t\t\t\t\t\t<img decoding=\"async\" width=\"1024\" height=\"768\" src=\"https:\/\/www.chor-einklang.de\/wp-content\/uploads\/2023\/06\/2023-06-24-Summertime-77-1024x768.jpg\" class=\"attachment-large size-large wp-image-3144\" alt=\"\" srcset=\"https:\/\/www.chor-einklang.de\/wp-content\/uploads\/2023\/06\/2023-06-24-Summertime-77-1024x768.jpg 1024w, https:\/\/www.chor-einklang.de\/wp-content\/uploads\/2023\/06\/2023-06-24-Summertime-77-300x225.jpg 300w, https:\/\/www.chor-einklang.de\/wp-content\/uploads\/2023\/06\/2023-06-24-Summertime-77-768x576.jpg 768w, https:\/\/www.chor-einklang.de\/wp-content\/uploads\/2023\/06\/2023-06-24-Summertime-77-1536x1152.jpg 1536w, https:\/\/www.chor-einklang.de\/wp-content\/uploads\/2023\/06\/2023-06-24-Summertime-77-2048x1536.jpg 2048w\" sizes=\"(max-width: 1024px) 100vw, 1024px\" \/>\t\t\t\t\t\t\t\t<\/a>\n\t\t\t\t\t\t\t\t\t\t\t\t\t\t\t<\/div>\n\t\t\t\t<\/div>\n\t\t\t\t<div class=\"elementor-element elementor-element-01c70f9 elementor-widget elementor-widget-image\" data-id=\"01c70f9\" data-element_type=\"widget\" data-e-type=\"widget\" data-widget_type=\"image.default\">\n\t\t\t\t<div class=\"elementor-widget-container\">\n\t\t\t\t\t\t\t\t\t\t\t\t\t\t\t\t<a href=\"https:\/\/www.chor-einklang.de\/wp-content\/uploads\/2023\/06\/2023-06-24-Summertime-100-scaled.jpg\" data-elementor-open-lightbox=\"yes\" data-elementor-lightbox-title=\"2023-06-24 Summertime (100)\" data-e-action-hash=\"#elementor-action%3Aaction%3Dlightbox%26settings%3DeyJpZCI6MzE0NSwidXJsIjoiaHR0cHM6XC9cL3d3dy5jaG9yLWVpbmtsYW5nLmRlXC93cC1jb250ZW50XC91cGxvYWRzXC8yMDIzXC8wNlwvMjAyMy0wNi0yNC1TdW1tZXJ0aW1lLTEwMC1zY2FsZWQuanBnIn0%3D\">\n\t\t\t\t\t\t\t<img decoding=\"async\" width=\"1024\" height=\"768\" src=\"https:\/\/www.chor-einklang.de\/wp-content\/uploads\/2023\/06\/2023-06-24-Summertime-100-1024x768.jpg\" class=\"attachment-large size-large wp-image-3145\" alt=\"\" srcset=\"https:\/\/www.chor-einklang.de\/wp-content\/uploads\/2023\/06\/2023-06-24-Summertime-100-1024x768.jpg 1024w, https:\/\/www.chor-einklang.de\/wp-content\/uploads\/2023\/06\/2023-06-24-Summertime-100-300x225.jpg 300w, https:\/\/www.chor-einklang.de\/wp-content\/uploads\/2023\/06\/2023-06-24-Summertime-100-768x576.jpg 768w, https:\/\/www.chor-einklang.de\/wp-content\/uploads\/2023\/06\/2023-06-24-Summertime-100-1536x1152.jpg 1536w, https:\/\/www.chor-einklang.de\/wp-content\/uploads\/2023\/06\/2023-06-24-Summertime-100-2048x1536.jpg 2048w\" sizes=\"(max-width: 1024px) 100vw, 1024px\" \/>\t\t\t\t\t\t\t\t<\/a>\n\t\t\t\t\t\t\t\t\t\t\t\t\t\t\t<\/div>\n\t\t\t\t<\/div>\n\t\t\t\t\t<\/div>\n\t\t<\/div>\n\t\t\t\t\t<\/div>\n\t\t<\/section>\n\t\t\t\t<section class=\"elementor-section elementor-top-section elementor-element elementor-element-becd6d5 elementor-section-boxed elementor-section-height-default elementor-section-height-default\" data-id=\"becd6d5\" data-element_type=\"section\" data-e-type=\"section\">\n\t\t\t\t\t\t<div class=\"elementor-container elementor-column-gap-default\">\n\t\t\t\t\t<div class=\"elementor-column elementor-col-50 elementor-top-column elementor-element elementor-element-9b4ec93\" data-id=\"9b4ec93\" data-element_type=\"column\" data-e-type=\"column\">\n\t\t\t<div class=\"elementor-widget-wrap elementor-element-populated\">\n\t\t\t\t\t\t<div class=\"elementor-element elementor-element-64991ce elementor-widget elementor-widget-image\" data-id=\"64991ce\" data-element_type=\"widget\" data-e-type=\"widget\" data-widget_type=\"image.default\">\n\t\t\t\t<div class=\"elementor-widget-container\">\n\t\t\t\t\t\t\t\t\t\t\t\t\t\t\t\t<a href=\"https:\/\/www.chor-einklang.de\/wp-content\/uploads\/2023\/06\/2023-06-24-Summertime-241.jpg\" data-elementor-open-lightbox=\"yes\" data-elementor-lightbox-title=\"2023-06-24 Summertime (241)\" data-e-action-hash=\"#elementor-action%3Aaction%3Dlightbox%26settings%3DeyJpZCI6MzE0MiwidXJsIjoiaHR0cHM6XC9cL3d3dy5jaG9yLWVpbmtsYW5nLmRlXC93cC1jb250ZW50XC91cGxvYWRzXC8yMDIzXC8wNlwvMjAyMy0wNi0yNC1TdW1tZXJ0aW1lLTI0MS5qcGcifQ%3D%3D\">\n\t\t\t\t\t\t\t<img loading=\"lazy\" decoding=\"async\" width=\"1024\" height=\"768\" src=\"https:\/\/www.chor-einklang.de\/wp-content\/uploads\/2023\/06\/2023-06-24-Summertime-241-1024x768.jpg\" class=\"attachment-large size-large wp-image-3142\" alt=\"\" srcset=\"https:\/\/www.chor-einklang.de\/wp-content\/uploads\/2023\/06\/2023-06-24-Summertime-241-1024x768.jpg 1024w, https:\/\/www.chor-einklang.de\/wp-content\/uploads\/2023\/06\/2023-06-24-Summertime-241-300x225.jpg 300w, https:\/\/www.chor-einklang.de\/wp-content\/uploads\/2023\/06\/2023-06-24-Summertime-241-768x576.jpg 768w, https:\/\/www.chor-einklang.de\/wp-content\/uploads\/2023\/06\/2023-06-24-Summertime-241-1536x1152.jpg 1536w, https:\/\/www.chor-einklang.de\/wp-content\/uploads\/2023\/06\/2023-06-24-Summertime-241.jpg 2048w\" sizes=\"(max-width: 1024px) 100vw, 1024px\" \/>\t\t\t\t\t\t\t\t<\/a>\n\t\t\t\t\t\t\t\t\t\t\t\t\t\t\t<\/div>\n\t\t\t\t<\/div>\n\t\t\t\t\t<\/div>\n\t\t<\/div>\n\t\t\t\t<div class=\"elementor-column elementor-col-50 elementor-top-column elementor-element elementor-element-cebb252\" data-id=\"cebb252\" data-element_type=\"column\" data-e-type=\"column\">\n\t\t\t<div class=\"elementor-widget-wrap elementor-element-populated\">\n\t\t\t\t\t\t<div class=\"elementor-element elementor-element-957ec04 elementor-widget elementor-widget-image\" data-id=\"957ec04\" data-element_type=\"widget\" data-e-type=\"widget\" data-widget_type=\"image.default\">\n\t\t\t\t<div class=\"elementor-widget-container\">\n\t\t\t\t\t\t\t\t\t\t\t\t\t\t\t\t<a href=\"https:\/\/www.chor-einklang.de\/wp-content\/uploads\/2023\/06\/2023-06-24-Summertime-192-scaled.jpg\" data-elementor-open-lightbox=\"yes\" data-elementor-lightbox-title=\"2023-06-24 Summertime (192)\" data-e-action-hash=\"#elementor-action%3Aaction%3Dlightbox%26settings%3DeyJpZCI6MzEzOSwidXJsIjoiaHR0cHM6XC9cL3d3dy5jaG9yLWVpbmtsYW5nLmRlXC93cC1jb250ZW50XC91cGxvYWRzXC8yMDIzXC8wNlwvMjAyMy0wNi0yNC1TdW1tZXJ0aW1lLTE5Mi1zY2FsZWQuanBnIn0%3D\">\n\t\t\t\t\t\t\t<img loading=\"lazy\" decoding=\"async\" width=\"1024\" height=\"768\" src=\"https:\/\/www.chor-einklang.de\/wp-content\/uploads\/2023\/06\/2023-06-24-Summertime-192-1024x768.jpg\" class=\"attachment-large size-large wp-image-3139\" alt=\"\" srcset=\"https:\/\/www.chor-einklang.de\/wp-content\/uploads\/2023\/06\/2023-06-24-Summertime-192-1024x768.jpg 1024w, https:\/\/www.chor-einklang.de\/wp-content\/uploads\/2023\/06\/2023-06-24-Summertime-192-300x225.jpg 300w, https:\/\/www.chor-einklang.de\/wp-content\/uploads\/2023\/06\/2023-06-24-Summertime-192-768x576.jpg 768w, https:\/\/www.chor-einklang.de\/wp-content\/uploads\/2023\/06\/2023-06-24-Summertime-192-1536x1152.jpg 1536w, https:\/\/www.chor-einklang.de\/wp-content\/uploads\/2023\/06\/2023-06-24-Summertime-192-2048x1536.jpg 2048w\" sizes=\"(max-width: 1024px) 100vw, 1024px\" \/>\t\t\t\t\t\t\t\t<\/a>\n\t\t\t\t\t\t\t\t\t\t\t\t\t\t\t<\/div>\n\t\t\t\t<\/div>\n\t\t\t\t\t<\/div>\n\t\t<\/div>\n\t\t\t\t\t<\/div>\n\t\t<\/section>\n\t\t\t\t<section class=\"elementor-section elementor-top-section elementor-element elementor-element-03832a1 elementor-section-boxed elementor-section-height-default elementor-section-height-default\" data-id=\"03832a1\" data-element_type=\"section\" data-e-type=\"section\">\n\t\t\t\t\t\t<div class=\"elementor-container elementor-column-gap-default\">\n\t\t\t\t\t<div class=\"elementor-column elementor-col-50 elementor-top-column elementor-element elementor-element-ca03b8d\" data-id=\"ca03b8d\" data-element_type=\"column\" data-e-type=\"column\">\n\t\t\t<div class=\"elementor-widget-wrap elementor-element-populated\">\n\t\t\t\t\t\t<div class=\"elementor-element elementor-element-93225b6 elementor-widget elementor-widget-image\" data-id=\"93225b6\" data-element_type=\"widget\" data-e-type=\"widget\" data-widget_type=\"image.default\">\n\t\t\t\t<div class=\"elementor-widget-container\">\n\t\t\t\t\t\t\t\t\t\t\t\t<figure class=\"wp-caption\">\n\t\t\t\t\t\t\t\t\t\t\t<a href=\"https:\/\/www.chor-einklang.de\/wp-content\/uploads\/2023\/06\/2023-06-24-Summertime-226.jpg\" data-elementor-open-lightbox=\"yes\" data-elementor-lightbox-title=\"2023-06-24 Summertime (226)\" data-e-action-hash=\"#elementor-action%3Aaction%3Dlightbox%26settings%3DeyJpZCI6MzE0MCwidXJsIjoiaHR0cHM6XC9cL3d3dy5jaG9yLWVpbmtsYW5nLmRlXC93cC1jb250ZW50XC91cGxvYWRzXC8yMDIzXC8wNlwvMjAyMy0wNi0yNC1TdW1tZXJ0aW1lLTIyNi5qcGcifQ%3D%3D\">\n\t\t\t\t\t\t\t<img decoding=\"async\" src=\"https:\/\/www.chor-einklang.de\/wp-content\/uploads\/2023\/06\/2023-06-24-Summertime-226.jpg\" class=\"attachment-full size-full wp-image-3140\" alt=\"\" \/>\t\t\t\t\t\t\t\t<\/a>\n\t\t\t\t\t\t\t\t\t\t\t<figcaption class=\"widget-image-caption wp-caption-text\">Gemischter Chor Gro\u00dfmoor<\/figcaption>\n\t\t\t\t\t\t\t\t\t\t<\/figure>\n\t\t\t\t\t\t\t\t\t<\/div>\n\t\t\t\t<\/div>\n\t\t\t\t\t<\/div>\n\t\t<\/div>\n\t\t\t\t<div class=\"elementor-column elementor-col-50 elementor-top-column elementor-element elementor-element-60f31d5\" data-id=\"60f31d5\" data-element_type=\"column\" data-e-type=\"column\">\n\t\t\t<div class=\"elementor-widget-wrap elementor-element-populated\">\n\t\t\t\t\t\t<div class=\"elementor-element elementor-element-8a50fc3 elementor-widget elementor-widget-image\" data-id=\"8a50fc3\" data-element_type=\"widget\" data-e-type=\"widget\" data-widget_type=\"image.default\">\n\t\t\t\t<div class=\"elementor-widget-container\">\n\t\t\t\t\t\t\t\t\t\t\t\t<figure class=\"wp-caption\">\n\t\t\t\t\t\t\t\t\t\t\t<a href=\"https:\/\/www.chor-einklang.de\/wp-content\/uploads\/2023\/06\/2023-06-24-Summertime-250-scaled.jpg\" data-elementor-open-lightbox=\"yes\" data-elementor-lightbox-title=\"2023-06-24 Summertime (250)\" data-e-action-hash=\"#elementor-action%3Aaction%3Dlightbox%26settings%3DeyJpZCI6MzE0MywidXJsIjoiaHR0cHM6XC9cL3d3dy5jaG9yLWVpbmtsYW5nLmRlXC93cC1jb250ZW50XC91cGxvYWRzXC8yMDIzXC8wNlwvMjAyMy0wNi0yNC1TdW1tZXJ0aW1lLTI1MC1zY2FsZWQuanBnIn0%3D\">\n\t\t\t\t\t\t\t<img loading=\"lazy\" decoding=\"async\" width=\"1024\" height=\"768\" src=\"https:\/\/www.chor-einklang.de\/wp-content\/uploads\/2023\/06\/2023-06-24-Summertime-250-1024x768.jpg\" class=\"attachment-large size-large wp-image-3143\" alt=\"\" srcset=\"https:\/\/www.chor-einklang.de\/wp-content\/uploads\/2023\/06\/2023-06-24-Summertime-250-1024x768.jpg 1024w, https:\/\/www.chor-einklang.de\/wp-content\/uploads\/2023\/06\/2023-06-24-Summertime-250-300x225.jpg 300w, https:\/\/www.chor-einklang.de\/wp-content\/uploads\/2023\/06\/2023-06-24-Summertime-250-768x576.jpg 768w, https:\/\/www.chor-einklang.de\/wp-content\/uploads\/2023\/06\/2023-06-24-Summertime-250-1536x1152.jpg 1536w, https:\/\/www.chor-einklang.de\/wp-content\/uploads\/2023\/06\/2023-06-24-Summertime-250-2048x1536.jpg 2048w\" sizes=\"(max-width: 1024px) 100vw, 1024px\" \/>\t\t\t\t\t\t\t\t<\/a>\n\t\t\t\t\t\t\t\t\t\t\t<figcaption class=\"widget-image-caption wp-caption-text\">Die Cristals<\/figcaption>\n\t\t\t\t\t\t\t\t\t\t<\/figure>\n\t\t\t\t\t\t\t\t\t<\/div>\n\t\t\t\t<\/div>\n\t\t\t\t\t<\/div>\n\t\t<\/div>\n\t\t\t\t\t<\/div>\n\t\t<\/section>\n\t\t\t\t<section class=\"elementor-section elementor-top-section elementor-element elementor-element-4d0ff00 elementor-section-boxed elementor-section-height-default elementor-section-height-default\" data-id=\"4d0ff00\" data-element_type=\"section\" data-e-type=\"section\">\n\t\t\t\t\t\t<div class=\"elementor-container elementor-column-gap-default\">\n\t\t\t\t\t<div class=\"elementor-column elementor-col-50 elementor-top-column elementor-element elementor-element-27d3347\" data-id=\"27d3347\" data-element_type=\"column\" data-e-type=\"column\">\n\t\t\t<div class=\"elementor-widget-wrap elementor-element-populated\">\n\t\t\t\t\t\t<div class=\"elementor-element elementor-element-b8bcec2 elementor-widget elementor-widget-image\" data-id=\"b8bcec2\" data-element_type=\"widget\" data-e-type=\"widget\" data-widget_type=\"image.default\">\n\t\t\t\t<div class=\"elementor-widget-container\">\n\t\t\t\t\t\t\t\t\t\t\t\t\t\t\t\t<a href=\"https:\/\/www.chor-einklang.de\/wp-content\/uploads\/2023\/06\/2023-06-24-Summertime-137-scaled.jpg\" data-elementor-open-lightbox=\"yes\" data-elementor-lightbox-title=\"2023-06-24 Summertime (137)\" data-e-action-hash=\"#elementor-action%3Aaction%3Dlightbox%26settings%3DeyJpZCI6MzEzNiwidXJsIjoiaHR0cHM6XC9cL3d3dy5jaG9yLWVpbmtsYW5nLmRlXC93cC1jb250ZW50XC91cGxvYWRzXC8yMDIzXC8wNlwvMjAyMy0wNi0yNC1TdW1tZXJ0aW1lLTEzNy1zY2FsZWQuanBnIn0%3D\">\n\t\t\t\t\t\t\t<img loading=\"lazy\" decoding=\"async\" width=\"1024\" height=\"768\" src=\"https:\/\/www.chor-einklang.de\/wp-content\/uploads\/2023\/06\/2023-06-24-Summertime-137-1024x768.jpg\" class=\"attachment-large size-large wp-image-3136\" alt=\"\" srcset=\"https:\/\/www.chor-einklang.de\/wp-content\/uploads\/2023\/06\/2023-06-24-Summertime-137-1024x768.jpg 1024w, https:\/\/www.chor-einklang.de\/wp-content\/uploads\/2023\/06\/2023-06-24-Summertime-137-300x225.jpg 300w, https:\/\/www.chor-einklang.de\/wp-content\/uploads\/2023\/06\/2023-06-24-Summertime-137-768x576.jpg 768w, https:\/\/www.chor-einklang.de\/wp-content\/uploads\/2023\/06\/2023-06-24-Summertime-137-1536x1152.jpg 1536w, https:\/\/www.chor-einklang.de\/wp-content\/uploads\/2023\/06\/2023-06-24-Summertime-137-2048x1536.jpg 2048w\" sizes=\"(max-width: 1024px) 100vw, 1024px\" \/>\t\t\t\t\t\t\t\t<\/a>\n\t\t\t\t\t\t\t\t\t\t\t\t\t\t\t<\/div>\n\t\t\t\t<\/div>\n\t\t\t\t\t<\/div>\n\t\t<\/div>\n\t\t\t\t<div class=\"elementor-column elementor-col-50 elementor-top-column elementor-element elementor-element-e8c1af0\" data-id=\"e8c1af0\" data-element_type=\"column\" data-e-type=\"column\">\n\t\t\t<div class=\"elementor-widget-wrap elementor-element-populated\">\n\t\t\t\t\t\t<div class=\"elementor-element elementor-element-e14571a elementor-widget elementor-widget-image\" data-id=\"e14571a\" data-element_type=\"widget\" data-e-type=\"widget\" data-widget_type=\"image.default\">\n\t\t\t\t<div class=\"elementor-widget-container\">\n\t\t\t\t\t\t\t\t\t\t\t\t\t\t\t<img loading=\"lazy\" decoding=\"async\" width=\"1024\" height=\"768\" src=\"https:\/\/www.chor-einklang.de\/wp-content\/uploads\/2023\/06\/2023-06-24-Summertime-156a-1024x768.jpg\" class=\"attachment-large size-large wp-image-3138\" alt=\"\" srcset=\"https:\/\/www.chor-einklang.de\/wp-content\/uploads\/2023\/06\/2023-06-24-Summertime-156a-1024x768.jpg 1024w, https:\/\/www.chor-einklang.de\/wp-content\/uploads\/2023\/06\/2023-06-24-Summertime-156a-300x225.jpg 300w, https:\/\/www.chor-einklang.de\/wp-content\/uploads\/2023\/06\/2023-06-24-Summertime-156a-768x576.jpg 768w, https:\/\/www.chor-einklang.de\/wp-content\/uploads\/2023\/06\/2023-06-24-Summertime-156a-1536x1152.jpg 1536w, https:\/\/www.chor-einklang.de\/wp-content\/uploads\/2023\/06\/2023-06-24-Summertime-156a-2048x1536.jpg 2048w\" sizes=\"(max-width: 1024px) 100vw, 1024px\" \/>\t\t\t\t\t\t\t\t\t\t\t\t\t\t\t<\/div>\n\t\t\t\t<\/div>\n\t\t\t\t\t<\/div>\n\t\t<\/div>\n\t\t\t\t\t<\/div>\n\t\t<\/section>\n\t\t\t\t<\/div>\n\t\t","protected":false},"excerpt":{"rendered":"<p>Ein Konzert mit lauter Jubil\u00e4en:Chor Einklang ist dieses Jahr 15 Jahre alt geworden und hat sich zur Geburtstagsfeier G\u00e4ste eingeladen &#8211; den gemischten Chor Gro\u00dfmoor (75-j\u00e4hriges Jubil\u00e4um) und die Cristals, die dieses Jahr ein Jahr zusammen singen. Das Finale der rundum gelungenen Veranstaltung besangen Chor Einklang und der gemischte Chor Gro\u00dfmoor gemeinsam: A Perfect Day!Am&#8230;<\/p>\n","protected":false},"author":2,"featured_media":3142,"comment_status":"open","ping_status":"open","sticky":false,"template":"","format":"standard","meta":{"_kad_post_transparent":"","_kad_post_title":"default","_kad_post_layout":"","_kad_post_sidebar_id":"","_kad_post_content_style":"","_kad_post_vertical_padding":"","_kad_post_feature":"default","_kad_post_feature_position":"","_kad_post_header":false,"_kad_post_footer":false,"_kad_post_classname":"","jetpack_post_was_ever_published":false,"_jetpack_newsletter_access":"","_jetpack_dont_email_post_to_subs":false,"_jetpack_newsletter_tier_id":0,"_jetpack_memberships_contains_paywalled_content":false,"_jetpack_memberships_contains_paid_content":false,"footnotes":"","jetpack_publicize_message":"","jetpack_publicize_feature_enabled":true,"jetpack_social_post_already_shared":true,"jetpack_social_options":{"image_generator_settings":{"template":"highway","default_image_id":0,"font":"","enabled":false},"version":2}},"categories":[1,5],"tags":[],"class_list":["post-3132","post","type-post","status-publish","format-standard","has-post-thumbnail","hentry","category-allgemein","category-auftritte"],"jetpack_publicize_connections":[],"jetpack_featured_media_url":"https:\/\/www.chor-einklang.de\/wp-content\/uploads\/2023\/06\/2023-06-24-Summertime-241.jpg","jetpack_sharing_enabled":true,"jetpack_shortlink":"https:\/\/wp.me\/p3iGNS-Ow","_links":{"self":[{"href":"https:\/\/www.chor-einklang.de\/index.php?rest_route=\/wp\/v2\/posts\/3132","targetHints":{"allow":["GET"]}}],"collection":[{"href":"https:\/\/www.chor-einklang.de\/index.php?rest_route=\/wp\/v2\/posts"}],"about":[{"href":"https:\/\/www.chor-einklang.de\/index.php?rest_route=\/wp\/v2\/types\/post"}],"author":[{"embeddable":true,"href":"https:\/\/www.chor-einklang.de\/index.php?rest_route=\/wp\/v2\/users\/2"}],"replies":[{"embeddable":true,"href":"https:\/\/www.chor-einklang.de\/index.php?rest_route=%2Fwp%2Fv2%2Fcomments&post=3132"}],"version-history":[{"count":12,"href":"https:\/\/www.chor-einklang.de\/index.php?rest_route=\/wp\/v2\/posts\/3132\/revisions"}],"predecessor-version":[{"id":3243,"href":"https:\/\/www.chor-einklang.de\/index.php?rest_route=\/wp\/v2\/posts\/3132\/revisions\/3243"}],"wp:featuredmedia":[{"embeddable":true,"href":"https:\/\/www.chor-einklang.de\/index.php?rest_route=\/wp\/v2\/media\/3142"}],"wp:attachment":[{"href":"https:\/\/www.chor-einklang.de\/index.php?rest_route=%2Fwp%2Fv2%2Fmedia&parent=3132"}],"wp:term":[{"taxonomy":"category","embeddable":true,"href":"https:\/\/www.chor-einklang.de\/index.php?rest_route=%2Fwp%2Fv2%2Fcategories&post=3132"},{"taxonomy":"post_tag","embeddable":true,"href":"https:\/\/www.chor-einklang.de\/index.php?rest_route=%2Fwp%2Fv2%2Ftags&post=3132"}],"curies":[{"name":"wp","href":"https:\/\/api.w.org\/{rel}","templated":true}]}}