{"id":2546,"date":"2022-12-09T17:10:04","date_gmt":"2022-12-09T15:10:04","guid":{"rendered":"http:\/\/www.chor-einklang.de\/?p=2546"},"modified":"2023-01-04T19:58:09","modified_gmt":"2023-01-04T17:58:09","slug":"christmas-and-more","status":"publish","type":"post","link":"https:\/\/www.chor-einklang.de\/?p=2546","title":{"rendered":"Christmas and more"},"content":{"rendered":"\n<figure class=\"wp-block-gallery has-nested-images columns-default is-cropped wp-block-gallery-1 is-layout-flex wp-block-gallery-is-layout-flex\">\n<figure class=\"wp-block-image size-large\"><a href=\"https:\/\/www.chor-einklang.de\/wp-content\/uploads\/2022\/12\/2022-12-04-Adventssingen-1.jpg\"><img fetchpriority=\"high\" decoding=\"async\" width=\"1024\" height=\"768\" data-id=\"2548\" src=\"https:\/\/www.chor-einklang.de\/wp-content\/uploads\/2022\/12\/2022-12-04-Adventssingen-1-1024x768.jpg\" alt=\"\" class=\"wp-image-2548\" srcset=\"https:\/\/www.chor-einklang.de\/wp-content\/uploads\/2022\/12\/2022-12-04-Adventssingen-1-1024x768.jpg 1024w, https:\/\/www.chor-einklang.de\/wp-content\/uploads\/2022\/12\/2022-12-04-Adventssingen-1-300x225.jpg 300w, https:\/\/www.chor-einklang.de\/wp-content\/uploads\/2022\/12\/2022-12-04-Adventssingen-1-768x576.jpg 768w, https:\/\/www.chor-einklang.de\/wp-content\/uploads\/2022\/12\/2022-12-04-Adventssingen-1-1536x1152.jpg 1536w, https:\/\/www.chor-einklang.de\/wp-content\/uploads\/2022\/12\/2022-12-04-Adventssingen-1-400x300.jpg 400w, https:\/\/www.chor-einklang.de\/wp-content\/uploads\/2022\/12\/2022-12-04-Adventssingen-1.jpg 2016w\" sizes=\"(max-width: 1024px) 100vw, 1024px\" \/><\/a><\/figure>\n\n\n\n<figure class=\"wp-block-image size-large\"><a href=\"https:\/\/www.chor-einklang.de\/wp-content\/uploads\/2022\/12\/2022-12-04-Adventssingen-3.jpg\"><img decoding=\"async\" width=\"1024\" height=\"768\" data-id=\"2551\" src=\"https:\/\/www.chor-einklang.de\/wp-content\/uploads\/2022\/12\/2022-12-04-Adventssingen-3-1024x768.jpg\" alt=\"\" class=\"wp-image-2551\" srcset=\"https:\/\/www.chor-einklang.de\/wp-content\/uploads\/2022\/12\/2022-12-04-Adventssingen-3-1024x768.jpg 1024w, https:\/\/www.chor-einklang.de\/wp-content\/uploads\/2022\/12\/2022-12-04-Adventssingen-3-300x225.jpg 300w, https:\/\/www.chor-einklang.de\/wp-content\/uploads\/2022\/12\/2022-12-04-Adventssingen-3-768x576.jpg 768w, https:\/\/www.chor-einklang.de\/wp-content\/uploads\/2022\/12\/2022-12-04-Adventssingen-3-1536x1152.jpg 1536w, https:\/\/www.chor-einklang.de\/wp-content\/uploads\/2022\/12\/2022-12-04-Adventssingen-3-400x300.jpg 400w, https:\/\/www.chor-einklang.de\/wp-content\/uploads\/2022\/12\/2022-12-04-Adventssingen-3.jpg 2016w\" sizes=\"(max-width: 1024px) 100vw, 1024px\" \/><\/a><\/figure>\n\n\n\n<figure class=\"wp-block-image size-large\"><a href=\"https:\/\/www.chor-einklang.de\/wp-content\/uploads\/2022\/12\/2022-12-04-Adventssingen-4.jpg\"><img decoding=\"async\" width=\"1024\" height=\"768\" data-id=\"2550\" src=\"https:\/\/www.chor-einklang.de\/wp-content\/uploads\/2022\/12\/2022-12-04-Adventssingen-4-1024x768.jpg\" alt=\"\" class=\"wp-image-2550\" srcset=\"https:\/\/www.chor-einklang.de\/wp-content\/uploads\/2022\/12\/2022-12-04-Adventssingen-4-1024x768.jpg 1024w, https:\/\/www.chor-einklang.de\/wp-content\/uploads\/2022\/12\/2022-12-04-Adventssingen-4-300x225.jpg 300w, https:\/\/www.chor-einklang.de\/wp-content\/uploads\/2022\/12\/2022-12-04-Adventssingen-4-768x576.jpg 768w, https:\/\/www.chor-einklang.de\/wp-content\/uploads\/2022\/12\/2022-12-04-Adventssingen-4-1536x1152.jpg 1536w, https:\/\/www.chor-einklang.de\/wp-content\/uploads\/2022\/12\/2022-12-04-Adventssingen-4-400x300.jpg 400w, https:\/\/www.chor-einklang.de\/wp-content\/uploads\/2022\/12\/2022-12-04-Adventssingen-4.jpg 1984w\" sizes=\"(max-width: 1024px) 100vw, 1024px\" \/><\/a><\/figure>\n\n\n\n<figure class=\"wp-block-image size-large\"><a href=\"https:\/\/www.chor-einklang.de\/wp-content\/uploads\/2022\/12\/2022-12-04-Adventssingen-5.jpg\"><img loading=\"lazy\" decoding=\"async\" width=\"1024\" height=\"616\" data-id=\"2547\" src=\"https:\/\/www.chor-einklang.de\/wp-content\/uploads\/2022\/12\/2022-12-04-Adventssingen-5.jpg\" alt=\"\" class=\"wp-image-2547\" srcset=\"https:\/\/www.chor-einklang.de\/wp-content\/uploads\/2022\/12\/2022-12-04-Adventssingen-5.jpg 1024w, https:\/\/www.chor-einklang.de\/wp-content\/uploads\/2022\/12\/2022-12-04-Adventssingen-5-300x180.jpg 300w, https:\/\/www.chor-einklang.de\/wp-content\/uploads\/2022\/12\/2022-12-04-Adventssingen-5-768x462.jpg 768w, https:\/\/www.chor-einklang.de\/wp-content\/uploads\/2022\/12\/2022-12-04-Adventssingen-5-500x300.jpg 500w\" sizes=\"(max-width: 1024px) 100vw, 1024px\" \/><\/a><\/figure>\n\n\n\n<figure class=\"wp-block-image size-large\"><a href=\"https:\/\/www.chor-einklang.de\/wp-content\/uploads\/2022\/12\/2022-12-04-Adventssingen-12.jpg\"><img decoding=\"async\" data-id=\"2549\" src=\"https:\/\/www.chor-einklang.de\/wp-content\/uploads\/2022\/12\/2022-12-04-Adventssingen-12.jpg\" alt=\"\" class=\"wp-image-2549\"\/><\/a><\/figure>\n<\/figure>\n\n\n\n<p>Christmas and more in der St. Johannes der T\u00e4ufer Kirche. Es war einfach sch\u00f6n, mal wieder ein Konzert im Advent geben zu k\u00f6nnen. Chor und Publikum freuten sich gleicherma\u00dfen. Danke an die Kirchengemeinde f\u00fcr die Bereitstellung der R\u00e4umlichkeiten und gro\u00dfen Dank an das Publikum f\u00fcr die Standing Ovations!<\/p>\n","protected":false},"excerpt":{"rendered":"<p>Christmas and more in der St. Johannes der T\u00e4ufer Kirche. Es war einfach sch\u00f6n, mal wieder ein Konzert im Advent geben zu k\u00f6nnen. Chor und Publikum freuten sich gleicherma\u00dfen. Danke an die Kirchengemeinde f\u00fcr die Bereitstellung der R\u00e4umlichkeiten und gro\u00dfen Dank an das Publikum f\u00fcr die Standing Ovations!<\/p>\n","protected":false},"author":2,"featured_media":2912,"comment_status":"open","ping_status":"open","sticky":false,"template":"","format":"standard","meta":{"_kad_post_transparent":"","_kad_post_title":"","_kad_post_layout":"","_kad_post_sidebar_id":"","_kad_post_content_style":"","_kad_post_vertical_padding":"","_kad_post_feature":"","_kad_post_feature_position":"","_kad_post_header":false,"_kad_post_footer":false,"_kad_post_classname":"","jetpack_post_was_ever_published":false,"_jetpack_newsletter_access":"","_jetpack_dont_email_post_to_subs":false,"_jetpack_newsletter_tier_id":0,"_jetpack_memberships_contains_paywalled_content":false,"_jetpack_memberships_contains_paid_content":false,"footnotes":"","jetpack_publicize_message":"","jetpack_publicize_feature_enabled":true,"jetpack_social_post_already_shared":true,"jetpack_social_options":{"image_generator_settings":{"template":"highway","default_image_id":0,"font":"","enabled":false},"version":2}},"categories":[1,5],"tags":[],"class_list":["post-2546","post","type-post","status-publish","format-standard","has-post-thumbnail","hentry","category-allgemein","category-auftritte"],"jetpack_publicize_connections":[],"jetpack_featured_media_url":"https:\/\/www.chor-einklang.de\/wp-content\/uploads\/2022\/12\/2022-12-04-Adventskonzert-scaled-e1672855062685.jpg","jetpack_sharing_enabled":true,"jetpack_shortlink":"https:\/\/wp.me\/p3iGNS-F4","_links":{"self":[{"href":"https:\/\/www.chor-einklang.de\/index.php?rest_route=\/wp\/v2\/posts\/2546","targetHints":{"allow":["GET"]}}],"collection":[{"href":"https:\/\/www.chor-einklang.de\/index.php?rest_route=\/wp\/v2\/posts"}],"about":[{"href":"https:\/\/www.chor-einklang.de\/index.php?rest_route=\/wp\/v2\/types\/post"}],"author":[{"embeddable":true,"href":"https:\/\/www.chor-einklang.de\/index.php?rest_route=\/wp\/v2\/users\/2"}],"replies":[{"embeddable":true,"href":"https:\/\/www.chor-einklang.de\/index.php?rest_route=%2Fwp%2Fv2%2Fcomments&post=2546"}],"version-history":[{"count":1,"href":"https:\/\/www.chor-einklang.de\/index.php?rest_route=\/wp\/v2\/posts\/2546\/revisions"}],"predecessor-version":[{"id":2552,"href":"https:\/\/www.chor-einklang.de\/index.php?rest_route=\/wp\/v2\/posts\/2546\/revisions\/2552"}],"wp:featuredmedia":[{"embeddable":true,"href":"https:\/\/www.chor-einklang.de\/index.php?rest_route=\/wp\/v2\/media\/2912"}],"wp:attachment":[{"href":"https:\/\/www.chor-einklang.de\/index.php?rest_route=%2Fwp%2Fv2%2Fmedia&parent=2546"}],"wp:term":[{"taxonomy":"category","embeddable":true,"href":"https:\/\/www.chor-einklang.de\/index.php?rest_route=%2Fwp%2Fv2%2Fcategories&post=2546"},{"taxonomy":"post_tag","embeddable":true,"href":"https:\/\/www.chor-einklang.de\/index.php?rest_route=%2Fwp%2Fv2%2Ftags&post=2546"}],"curies":[{"name":"wp","href":"https:\/\/api.w.org\/{rel}","templated":true}]}}