{"id":2403,"date":"2019-11-25T16:44:53","date_gmt":"2019-11-25T14:44:53","guid":{"rendered":"http:\/\/www.chor-einklang.de\/?p=2403"},"modified":"2022-12-28T20:14:10","modified_gmt":"2022-12-28T18:14:10","slug":"cantate-dresden-31-10-03-11-2019","status":"publish","type":"post","link":"https:\/\/www.chor-einklang.de\/?p=2403","title":{"rendered":"Cantate Dresden 31.10.-03.11.2019"},"content":{"rendered":"<p>Dresden ist eine Reise wert&#8230; Und vor allem eine Reise zum Internationalen Chortreffen &#8222;Cantate Dresden&#8220;!<br \/>\nChor Einklang war wieder in Begleitung von Frollain Wunder und dem M\u00e4nnergesangsverein Schatensen unterwegs.<br \/>\nEinem Freundschaftskonzert in der Matt\u00e4uskirche folgten am n\u00e4chsten Tag das Gemeinschaftskonzert mit allen teilnehmenden Ch\u00f6ren und als H\u00f6hepunkt ein Auftritt in der Frauenkirche.<\/p>\n<div id='gallery-1' class='gallery galleryid-2403 gallery-columns-3 gallery-size-thumbnail'><figure class='gallery-item'>\n\t\t\t<div class='gallery-icon landscape'>\n\t\t\t\t<a href='https:\/\/www.chor-einklang.de\/?attachment_id=2412'><img decoding=\"async\" width=\"150\" height=\"150\" src=\"https:\/\/www.chor-einklang.de\/wp-content\/uploads\/2019\/11\/Cantate-2019-11-01-1278-150x150.jpg\" class=\"attachment-thumbnail size-thumbnail\" alt=\"\" aria-describedby=\"gallery-1-2412\" \/><\/a>\n\t\t\t<\/div>\n\t\t\t\t<figcaption class='wp-caption-text gallery-caption' id='gallery-1-2412'>\n\t\t\t\tMatth\u00e4uskirche 01.11.19\n\t\t\t\t<\/figcaption><\/figure><figure class='gallery-item'>\n\t\t\t<div class='gallery-icon landscape'>\n\t\t\t\t<a href='https:\/\/www.chor-einklang.de\/?attachment_id=2413'><img decoding=\"async\" width=\"150\" height=\"150\" src=\"https:\/\/www.chor-einklang.de\/wp-content\/uploads\/2019\/11\/Cantate-2019-11-01-1397-150x150.jpg\" class=\"attachment-thumbnail size-thumbnail\" alt=\"\" aria-describedby=\"gallery-1-2413\" \/><\/a>\n\t\t\t<\/div>\n\t\t\t\t<figcaption class='wp-caption-text gallery-caption' id='gallery-1-2413'>\n\t\t\t\tMatth\u00e4uskirche 01.11.19\n\t\t\t\t<\/figcaption><\/figure><figure class='gallery-item'>\n\t\t\t<div class='gallery-icon landscape'>\n\t\t\t\t<a href='https:\/\/www.chor-einklang.de\/?attachment_id=2414'><img decoding=\"async\" width=\"150\" height=\"150\" src=\"https:\/\/www.chor-einklang.de\/wp-content\/uploads\/2019\/11\/Cantate-2019-11-01-1440-150x150.jpg\" class=\"attachment-thumbnail size-thumbnail\" alt=\"\" aria-describedby=\"gallery-1-2414\" \/><\/a>\n\t\t\t<\/div>\n\t\t\t\t<figcaption class='wp-caption-text gallery-caption' id='gallery-1-2414'>\n\t\t\t\tMatth\u00e4uskirche 01.11.19\n\t\t\t\t<\/figcaption><\/figure><figure class='gallery-item'>\n\t\t\t<div class='gallery-icon landscape'>\n\t\t\t\t<a href='https:\/\/www.chor-einklang.de\/?attachment_id=2416'><img loading=\"lazy\" decoding=\"async\" width=\"150\" height=\"150\" src=\"https:\/\/www.chor-einklang.de\/wp-content\/uploads\/2019\/11\/IMG-20191102-WA0001-150x150.jpg\" class=\"attachment-thumbnail size-thumbnail\" alt=\"\" aria-describedby=\"gallery-1-2416\" \/><\/a>\n\t\t\t<\/div>\n\t\t\t\t<figcaption class='wp-caption-text gallery-caption' id='gallery-1-2416'>\n\t\t\t\tKreuzkirche 02.11.19\n\t\t\t\t<\/figcaption><\/figure><figure class='gallery-item'>\n\t\t\t<div class='gallery-icon landscape'>\n\t\t\t\t<a href='https:\/\/www.chor-einklang.de\/?attachment_id=2415'><img loading=\"lazy\" decoding=\"async\" width=\"150\" height=\"150\" src=\"https:\/\/www.chor-einklang.de\/wp-content\/uploads\/2019\/11\/Cantate-2019-11-01-1445-150x150.jpg\" class=\"attachment-thumbnail size-thumbnail\" alt=\"\" aria-describedby=\"gallery-1-2415\" \/><\/a>\n\t\t\t<\/div>\n\t\t\t\t<figcaption class='wp-caption-text gallery-caption' id='gallery-1-2415'>\n\t\t\t\tMatth\u00e4uskirche 01.11.19\n\t\t\t\t<\/figcaption><\/figure><figure class='gallery-item'>\n\t\t\t<div class='gallery-icon landscape'>\n\t\t\t\t<a href='https:\/\/www.chor-einklang.de\/?attachment_id=2420'><img loading=\"lazy\" decoding=\"async\" width=\"150\" height=\"150\" src=\"https:\/\/www.chor-einklang.de\/wp-content\/uploads\/2019\/11\/Cantate-2019-11-02-e-0054-150x150.jpg\" class=\"attachment-thumbnail size-thumbnail\" alt=\"\" aria-describedby=\"gallery-1-2420\" \/><\/a>\n\t\t\t<\/div>\n\t\t\t\t<figcaption class='wp-caption-text gallery-caption' id='gallery-1-2420'>\n\t\t\t\tKreuzkirche Dresden 02.11.19\n\t\t\t\t<\/figcaption><\/figure><figure class='gallery-item'>\n\t\t\t<div class='gallery-icon landscape'>\n\t\t\t\t<a href='https:\/\/www.chor-einklang.de\/?attachment_id=2417'><img loading=\"lazy\" decoding=\"async\" width=\"150\" height=\"150\" src=\"https:\/\/www.chor-einklang.de\/wp-content\/uploads\/2019\/11\/Cantate-2019-11-02-0232-e1574692931428-150x150.jpg\" class=\"attachment-thumbnail size-thumbnail\" alt=\"\" aria-describedby=\"gallery-1-2417\" \/><\/a>\n\t\t\t<\/div>\n\t\t\t\t<figcaption class='wp-caption-text gallery-caption' id='gallery-1-2417'>\n\t\t\t\tKreuzkirche Dresden 02.11.19\n\t\t\t\t<\/figcaption><\/figure><figure class='gallery-item'>\n\t\t\t<div class='gallery-icon landscape'>\n\t\t\t\t<a href='https:\/\/www.chor-einklang.de\/?attachment_id=2418'><img loading=\"lazy\" decoding=\"async\" width=\"150\" height=\"150\" src=\"https:\/\/www.chor-einklang.de\/wp-content\/uploads\/2019\/11\/Cantate-2019-11-02-0241-150x150.jpg\" class=\"attachment-thumbnail size-thumbnail\" alt=\"\" aria-describedby=\"gallery-1-2418\" \/><\/a>\n\t\t\t<\/div>\n\t\t\t\t<figcaption class='wp-caption-text gallery-caption' id='gallery-1-2418'>\n\t\t\t\tKreuzkirche Dresden 02.11.19\n\t\t\t\t<\/figcaption><\/figure><figure class='gallery-item'>\n\t\t\t<div class='gallery-icon landscape'>\n\t\t\t\t<a href='https:\/\/www.chor-einklang.de\/?attachment_id=2421'><img loading=\"lazy\" decoding=\"async\" width=\"150\" height=\"150\" src=\"https:\/\/www.chor-einklang.de\/wp-content\/uploads\/2019\/11\/Cantate-2019-11-02-0214-150x150.jpg\" class=\"attachment-thumbnail size-thumbnail\" alt=\"\" aria-describedby=\"gallery-1-2421\" \/><\/a>\n\t\t\t<\/div>\n\t\t\t\t<figcaption class='wp-caption-text gallery-caption' id='gallery-1-2421'>\n\t\t\t\tKreuzkirche Dresden 02.11.19\n\t\t\t\t<\/figcaption><\/figure><figure class='gallery-item'>\n\t\t\t<div class='gallery-icon landscape'>\n\t\t\t\t<a href='https:\/\/www.chor-einklang.de\/?attachment_id=2419'><img loading=\"lazy\" decoding=\"async\" width=\"150\" height=\"150\" src=\"https:\/\/www.chor-einklang.de\/wp-content\/uploads\/2019\/11\/Cantate-2019-11-02-0271-150x150.jpg\" class=\"attachment-thumbnail size-thumbnail\" alt=\"\" aria-describedby=\"gallery-1-2419\" \/><\/a>\n\t\t\t<\/div>\n\t\t\t\t<figcaption class='wp-caption-text gallery-caption' id='gallery-1-2419'>\n\t\t\t\tKreuzkirche Dresden 02.11.19\n\t\t\t\t<\/figcaption><\/figure><figure class='gallery-item'>\n\t\t\t<div class='gallery-icon landscape'>\n\t\t\t\t<a href='https:\/\/www.chor-einklang.de\/?attachment_id=2422'><img loading=\"lazy\" decoding=\"async\" width=\"150\" height=\"150\" src=\"https:\/\/www.chor-einklang.de\/wp-content\/uploads\/2019\/11\/Cantate-2019-11-02-1948-150x150.jpg\" class=\"attachment-thumbnail size-thumbnail\" alt=\"\" aria-describedby=\"gallery-1-2422\" \/><\/a>\n\t\t\t<\/div>\n\t\t\t\t<figcaption class='wp-caption-text gallery-caption' id='gallery-1-2422'>\n\t\t\t\tKreuzkirche Dresden 02.11.19\n\t\t\t\t<\/figcaption><\/figure>\n\t\t<\/div>\n\n<p>&nbsp;<\/p>\n","protected":false},"excerpt":{"rendered":"<p>Dresden ist eine Reise wert&#8230; Und vor allem eine Reise zum Internationalen Chortreffen &#8222;Cantate Dresden&#8220;! Chor Einklang war wieder in Begleitung von Frollain Wunder und dem M\u00e4nnergesangsverein Schatensen unterwegs. Einem Freundschaftskonzert in der Matt\u00e4uskirche folgten am n\u00e4chsten Tag das Gemeinschaftskonzert mit allen teilnehmenden Ch\u00f6ren und als H\u00f6hepunkt ein Auftritt in der Frauenkirche. &nbsp;<\/p>\n","protected":false},"author":2,"featured_media":2774,"comment_status":"open","ping_status":"open","sticky":false,"template":"","format":"standard","meta":{"_kad_post_transparent":"","_kad_post_title":"","_kad_post_layout":"","_kad_post_sidebar_id":"","_kad_post_content_style":"","_kad_post_vertical_padding":"","_kad_post_feature":"","_kad_post_feature_position":"","_kad_post_header":false,"_kad_post_footer":false,"_kad_post_classname":"","jetpack_post_was_ever_published":false,"_jetpack_newsletter_access":"","_jetpack_dont_email_post_to_subs":false,"_jetpack_newsletter_tier_id":0,"_jetpack_memberships_contains_paywalled_content":false,"_jetpack_memberships_contains_paid_content":false,"footnotes":"","jetpack_publicize_message":"","jetpack_publicize_feature_enabled":true,"jetpack_social_post_already_shared":true,"jetpack_social_options":{"image_generator_settings":{"template":"highway","default_image_id":0,"font":"","enabled":false},"version":2}},"categories":[1,7],"tags":[],"class_list":["post-2403","post","type-post","status-publish","format-standard","has-post-thumbnail","hentry","category-allgemein","category-chorreise"],"jetpack_publicize_connections":[],"jetpack_featured_media_url":"https:\/\/www.chor-einklang.de\/wp-content\/uploads\/2019\/11\/2019-11-02-Cantate-Dresden-1.jpg","jetpack_sharing_enabled":true,"jetpack_shortlink":"https:\/\/wp.me\/p3iGNS-CL","_links":{"self":[{"href":"https:\/\/www.chor-einklang.de\/index.php?rest_route=\/wp\/v2\/posts\/2403","targetHints":{"allow":["GET"]}}],"collection":[{"href":"https:\/\/www.chor-einklang.de\/index.php?rest_route=\/wp\/v2\/posts"}],"about":[{"href":"https:\/\/www.chor-einklang.de\/index.php?rest_route=\/wp\/v2\/types\/post"}],"author":[{"embeddable":true,"href":"https:\/\/www.chor-einklang.de\/index.php?rest_route=\/wp\/v2\/users\/2"}],"replies":[{"embeddable":true,"href":"https:\/\/www.chor-einklang.de\/index.php?rest_route=%2Fwp%2Fv2%2Fcomments&post=2403"}],"version-history":[{"count":2,"href":"https:\/\/www.chor-einklang.de\/index.php?rest_route=\/wp\/v2\/posts\/2403\/revisions"}],"predecessor-version":[{"id":2423,"href":"https:\/\/www.chor-einklang.de\/index.php?rest_route=\/wp\/v2\/posts\/2403\/revisions\/2423"}],"wp:featuredmedia":[{"embeddable":true,"href":"https:\/\/www.chor-einklang.de\/index.php?rest_route=\/wp\/v2\/media\/2774"}],"wp:attachment":[{"href":"https:\/\/www.chor-einklang.de\/index.php?rest_route=%2Fwp%2Fv2%2Fmedia&parent=2403"}],"wp:term":[{"taxonomy":"category","embeddable":true,"href":"https:\/\/www.chor-einklang.de\/index.php?rest_route=%2Fwp%2Fv2%2Fcategories&post=2403"},{"taxonomy":"post_tag","embeddable":true,"href":"https:\/\/www.chor-einklang.de\/index.php?rest_route=%2Fwp%2Fv2%2Ftags&post=2403"}],"curies":[{"name":"wp","href":"https:\/\/api.w.org\/{rel}","templated":true}]}}