{"id":1646,"date":"2015-01-19T19:42:32","date_gmt":"2015-01-19T17:42:32","guid":{"rendered":"http:\/\/www.chor-einklang.de\/?p=1646"},"modified":"2023-01-04T20:19:17","modified_gmt":"2023-01-04T18:19:17","slug":"chorfreizeit-in-hermannsburg","status":"publish","type":"post","link":"https:\/\/www.chor-einklang.de\/?p=1646","title":{"rendered":"Chorfreizeit in Hermannsburg"},"content":{"rendered":"<p>Ach, war das wieder sch\u00f6\u00f6\u00f6n: der Chor Einklang auf Fahrt!<br \/>\nDamit diesmal auch die Chormitglieder, die zu Hause kleine Kinder haben,&nbsp; mitfahren konnten, haben wir uns entschieden, in der N\u00e4he zu bleiben und sind nach Hermannsburg gefahren. Dort haben wir im Ludwig-Harms-Haus ein wundersch\u00f6nes, intensives, probenreiches Wochenende verbracht.<br \/>\nDanke an dieser Stelle an Arnas und seine Frau Jura, die am Samstag dem Sopran&nbsp; ungeahnte Stimmgewalt entlockt hat!<\/p>\n<div id='gallery-1' class='gallery galleryid-1646 gallery-columns-3 gallery-size-thumbnail'><figure class='gallery-item'>\n\t\t\t<div class='gallery-icon landscape'>\n\t\t\t\t<a href='https:\/\/www.chor-einklang.de\/?attachment_id=1631'><img decoding=\"async\" width=\"150\" height=\"150\" src=\"https:\/\/www.chor-einklang.de\/wp-content\/uploads\/2015\/01\/2015-01-10-Chortag-Herrmannsburg-OW-3-150x150.jpg\" class=\"attachment-thumbnail size-thumbnail\" alt=\"\" \/><\/a>\n\t\t\t<\/div><\/figure><figure class='gallery-item'>\n\t\t\t<div class='gallery-icon landscape'>\n\t\t\t\t<a href='https:\/\/www.chor-einklang.de\/?attachment_id=1635'><img decoding=\"async\" width=\"150\" height=\"150\" src=\"https:\/\/www.chor-einklang.de\/wp-content\/uploads\/2015\/01\/2015-01-10-Chortag-Herrmannsburg-OW-18-150x150.jpg\" class=\"attachment-thumbnail size-thumbnail\" alt=\"\" aria-describedby=\"gallery-1-1635\" \/><\/a>\n\t\t\t<\/div>\n\t\t\t\t<figcaption class='wp-caption-text gallery-caption' id='gallery-1-1635'>\n\t\t\t\tChor Einklang &#8222;bei der Arbeit&#8220;\n\t\t\t\t<\/figcaption><\/figure><figure class='gallery-item'>\n\t\t\t<div class='gallery-icon landscape'>\n\t\t\t\t<a href='https:\/\/www.chor-einklang.de\/?attachment_id=1630'><img decoding=\"async\" width=\"150\" height=\"150\" src=\"https:\/\/www.chor-einklang.de\/wp-content\/uploads\/2015\/01\/2015-01-10-Chortag-Herrmannsburg-OW-1-150x150.jpg\" class=\"attachment-thumbnail size-thumbnail\" alt=\"\" \/><\/a>\n\t\t\t<\/div><\/figure><figure class='gallery-item'>\n\t\t\t<div class='gallery-icon portrait'>\n\t\t\t\t<a href='https:\/\/www.chor-einklang.de\/?attachment_id=1641'><img loading=\"lazy\" decoding=\"async\" width=\"150\" height=\"150\" src=\"https:\/\/www.chor-einklang.de\/wp-content\/uploads\/2015\/01\/2015-01-11-Chortag-Herrmannsburg-UJ-2-150x150.jpg\" class=\"attachment-thumbnail size-thumbnail\" alt=\"\" \/><\/a>\n\t\t\t<\/div><\/figure><figure class='gallery-item'>\n\t\t\t<div class='gallery-icon landscape'>\n\t\t\t\t<a href='https:\/\/www.chor-einklang.de\/?attachment_id=1632'><img loading=\"lazy\" decoding=\"async\" width=\"150\" height=\"150\" src=\"https:\/\/www.chor-einklang.de\/wp-content\/uploads\/2015\/01\/2015-01-10-Chortag-Herrmannsburg-OW-5-150x150.jpg\" class=\"attachment-thumbnail size-thumbnail\" alt=\"\" \/><\/a>\n\t\t\t<\/div><\/figure><figure class='gallery-item'>\n\t\t\t<div class='gallery-icon landscape'>\n\t\t\t\t<a href='https:\/\/www.chor-einklang.de\/?attachment_id=1633'><img loading=\"lazy\" decoding=\"async\" width=\"150\" height=\"150\" src=\"https:\/\/www.chor-einklang.de\/wp-content\/uploads\/2015\/01\/2015-01-10-Chortag-Herrmannsburg-OW-6-150x150.jpg\" class=\"attachment-thumbnail size-thumbnail\" alt=\"\" \/><\/a>\n\t\t\t<\/div><\/figure><figure class='gallery-item'>\n\t\t\t<div class='gallery-icon landscape'>\n\t\t\t\t<a href='https:\/\/www.chor-einklang.de\/?attachment_id=1637'><img loading=\"lazy\" decoding=\"async\" width=\"150\" height=\"150\" src=\"https:\/\/www.chor-einklang.de\/wp-content\/uploads\/2015\/01\/2015-01-10-Chortag-Herrmannsburg-UJ-10-150x150.jpg\" class=\"attachment-thumbnail size-thumbnail\" alt=\"\" \/><\/a>\n\t\t\t<\/div><\/figure><figure class='gallery-item'>\n\t\t\t<div class='gallery-icon landscape'>\n\t\t\t\t<a href='https:\/\/www.chor-einklang.de\/?attachment_id=1636'><img loading=\"lazy\" decoding=\"async\" width=\"150\" height=\"150\" src=\"https:\/\/www.chor-einklang.de\/wp-content\/uploads\/2015\/01\/2015-01-10-Chortag-Herrmannsburg-UJ-7-150x150.jpg\" class=\"attachment-thumbnail size-thumbnail\" alt=\"\" \/><\/a>\n\t\t\t<\/div><\/figure><figure class='gallery-item'>\n\t\t\t<div class='gallery-icon landscape'>\n\t\t\t\t<a href='https:\/\/www.chor-einklang.de\/?attachment_id=1634'><img loading=\"lazy\" decoding=\"async\" width=\"150\" height=\"150\" src=\"https:\/\/www.chor-einklang.de\/wp-content\/uploads\/2015\/01\/2015-01-10-Chortag-Herrmannsburg-OW-8-150x150.jpg\" class=\"attachment-thumbnail size-thumbnail\" alt=\"\" \/><\/a>\n\t\t\t<\/div><\/figure><figure class='gallery-item'>\n\t\t\t<div class='gallery-icon landscape'>\n\t\t\t\t<a href='https:\/\/www.chor-einklang.de\/?attachment_id=1639'><img loading=\"lazy\" decoding=\"async\" width=\"150\" height=\"150\" src=\"https:\/\/www.chor-einklang.de\/wp-content\/uploads\/2015\/01\/2015-01-10-Chortag-Herrmannsburg-UJ-6-150x150.jpg\" class=\"attachment-thumbnail size-thumbnail\" alt=\"\" \/><\/a>\n\t\t\t<\/div><\/figure><figure class='gallery-item'>\n\t\t\t<div class='gallery-icon landscape'>\n\t\t\t\t<a href='https:\/\/www.chor-einklang.de\/?attachment_id=1638'><img loading=\"lazy\" decoding=\"async\" width=\"150\" height=\"150\" src=\"https:\/\/www.chor-einklang.de\/wp-content\/uploads\/2015\/01\/2015-01-10-Chortag-Herrmannsburg-UJ-15-150x150.jpg\" class=\"attachment-thumbnail size-thumbnail\" alt=\"\" \/><\/a>\n\t\t\t<\/div><\/figure>\n\t\t<\/div>\n\n","protected":false},"excerpt":{"rendered":"<p>Ach, war das wieder sch\u00f6\u00f6\u00f6n: der Chor Einklang auf Fahrt! Damit diesmal auch die Chormitglieder, die zu Hause kleine Kinder haben,&nbsp; mitfahren konnten, haben wir uns entschieden, in der N\u00e4he zu bleiben und sind nach Hermannsburg gefahren. Dort haben wir im Ludwig-Harms-Haus ein wundersch\u00f6nes, intensives, probenreiches Wochenende verbracht. Danke an dieser Stelle an Arnas und&#8230;<\/p>\n","protected":false},"author":2,"featured_media":1635,"comment_status":"open","ping_status":"open","sticky":false,"template":"","format":"gallery","meta":{"_kad_post_transparent":"","_kad_post_title":"","_kad_post_layout":"","_kad_post_sidebar_id":"","_kad_post_content_style":"","_kad_post_vertical_padding":"","_kad_post_feature":"","_kad_post_feature_position":"","_kad_post_header":false,"_kad_post_footer":false,"_kad_post_classname":"","jetpack_post_was_ever_published":false,"_jetpack_newsletter_access":"","_jetpack_dont_email_post_to_subs":false,"_jetpack_newsletter_tier_id":0,"_jetpack_memberships_contains_paywalled_content":false,"_jetpack_memberships_contains_paid_content":false,"footnotes":"","jetpack_publicize_message":"","jetpack_publicize_feature_enabled":true,"jetpack_social_post_already_shared":true,"jetpack_social_options":{"image_generator_settings":{"template":"highway","default_image_id":0,"font":"","enabled":false},"version":2}},"categories":[7],"tags":[],"class_list":["post-1646","post","type-post","status-publish","format-gallery","has-post-thumbnail","hentry","category-chorreise","post_format-post-format-gallery"],"jetpack_publicize_connections":[],"jetpack_featured_media_url":"https:\/\/www.chor-einklang.de\/wp-content\/uploads\/2015\/01\/2015-01-10-Chortag-Herrmannsburg-OW-18.jpg","jetpack_sharing_enabled":true,"jetpack_shortlink":"https:\/\/wp.me\/p3iGNS-qy","_links":{"self":[{"href":"https:\/\/www.chor-einklang.de\/index.php?rest_route=\/wp\/v2\/posts\/1646","targetHints":{"allow":["GET"]}}],"collection":[{"href":"https:\/\/www.chor-einklang.de\/index.php?rest_route=\/wp\/v2\/posts"}],"about":[{"href":"https:\/\/www.chor-einklang.de\/index.php?rest_route=\/wp\/v2\/types\/post"}],"author":[{"embeddable":true,"href":"https:\/\/www.chor-einklang.de\/index.php?rest_route=\/wp\/v2\/users\/2"}],"replies":[{"embeddable":true,"href":"https:\/\/www.chor-einklang.de\/index.php?rest_route=%2Fwp%2Fv2%2Fcomments&post=1646"}],"version-history":[{"count":3,"href":"https:\/\/www.chor-einklang.de\/index.php?rest_route=\/wp\/v2\/posts\/1646\/revisions"}],"predecessor-version":[{"id":2920,"href":"https:\/\/www.chor-einklang.de\/index.php?rest_route=\/wp\/v2\/posts\/1646\/revisions\/2920"}],"wp:featuredmedia":[{"embeddable":true,"href":"https:\/\/www.chor-einklang.de\/index.php?rest_route=\/wp\/v2\/media\/1635"}],"wp:attachment":[{"href":"https:\/\/www.chor-einklang.de\/index.php?rest_route=%2Fwp%2Fv2%2Fmedia&parent=1646"}],"wp:term":[{"taxonomy":"category","embeddable":true,"href":"https:\/\/www.chor-einklang.de\/index.php?rest_route=%2Fwp%2Fv2%2Fcategories&post=1646"},{"taxonomy":"post_tag","embeddable":true,"href":"https:\/\/www.chor-einklang.de\/index.php?rest_route=%2Fwp%2Fv2%2Ftags&post=1646"}],"curies":[{"name":"wp","href":"https:\/\/api.w.org\/{rel}","templated":true}]}}